{"id":39,"date":"2015-06-28T21:36:03","date_gmt":"2015-06-28T21:36:03","guid":{"rendered":"http:\/\/violaine-romeas.org\/?page_id=39"},"modified":"2026-01-20T08:54:21","modified_gmt":"2026-01-20T08:54:21","slug":"parles-tu-poeme","status":"publish","type":"post","link":"https:\/\/lefildesformes.org\/?p=39","title":{"rendered":"Parles-tu Po\u00e8me ?"},"content":{"rendered":"<p><a href=\"http:\/\/violaine-romeas.org\/wp-content\/uploads\/2015\/07\/parlestupoeme.jpg\"><br \/>\n<\/a>Avec des po\u00e8mes de\u00a0Orpingalik, Lu Yuan, Nojh Nektia, Edward Lear, Kitakara Hakushin, Jacob Nib\u00e9negesabe,Onesimo Da Silveira, J.P. Rosnay, Samuel Marchak, Nazim Hikmet, Ren\u00e9 Depestre, G\u00e9o Norge, R. Desnos, Jenoz Duka.<\/p>\n<p><a href=\"http:\/\/violaine-romeas.org\/wp-content\/uploads\/2015\/07\/parlestupoeme.jpg\"><img loading=\"lazy\" decoding=\"async\" class=\" size-medium wp-image-82 aligncenter\" src=\"http:\/\/violaine-romeas.org\/wp-content\/uploads\/2015\/07\/parlestupoeme-300x225.jpg\" alt=\"parlestupoeme\" width=\"300\" height=\"225\" srcset=\"https:\/\/lefildesformes.org\/wp-content\/uploads\/2015\/07\/parlestupoeme-300x225.jpg 300w, https:\/\/lefildesformes.org\/wp-content\/uploads\/2015\/07\/parlestupoeme.jpg 400w\" sizes=\"auto, (max-width: 300px) 100vw, 300px\" \/><\/a><\/p>\n<p>Spectacle de S. Rosnay et V. Rom\u00e9as.<br \/>\nRegards ext\u00e9rieurs: M. Maret et \u00a0E. Larzat.\u00a0Lumi\u00e8res, son, r\u00e9gies: G. Laissus, P. Monneau.<br \/>\nMusique H. Bourde, Bojan Z, K. Tour\u00e9 et musiques traditionnelles.<br \/>\nCoproduction Th\u00e9\u00e2tre Ath\u00e9na (La Fert\u00e9-Bernard)\/ Fol d\u2019eure-et-loir<\/p>\n<p>Document de pr\u00e9sentation :\u00a0<a href=\"http:\/\/lefildesformes.org\/wp-content\/uploads\/2015\/06\/pdf-ptp.pdf\">Parles-tu Po\u00e8mes ?<\/a><\/p>\n<div><\/div>\n","protected":false},"excerpt":{"rendered":"<p>Avec des po\u00e8mes de\u00a0Orpingalik, Lu Yuan, Nojh Nektia, Edward Lear, Kitakara Hakushin, Jacob Nib\u00e9negesabe,Onesimo Da Silveira, J.P. Rosnay, Samuel Marchak, Nazim Hikmet, Ren\u00e9 Depestre, G\u00e9o Norge, R. Desnos, Jenoz Duka. Spectacle de S. Rosnay et V. Rom\u00e9as. Regards ext\u00e9rieurs: M. Maret et \u00a0E. Larzat.\u00a0Lumi\u00e8res, son, r\u00e9gies: G. Laissus, P. Monneau. Musique H. Bourde, Bojan Z, &hellip; <a href=\"https:\/\/lefildesformes.org\/?p=39\" class=\"more-link\">Continuer la lecture de <span class=\"screen-reader-text\">Parles-tu Po\u00e8me ?<\/span> <span class=\"meta-nav\">&rarr;<\/span><\/a><\/p>\n","protected":false},"author":1,"featured_media":0,"comment_status":"closed","ping_status":"open","sticky":false,"template":"","format":"standard","meta":{"footnotes":""},"categories":[8],"tags":[],"class_list":["post-39","post","type-post","status-publish","format-standard","hentry","category-spectacles"],"_links":{"self":[{"href":"https:\/\/lefildesformes.org\/index.php?rest_route=\/wp\/v2\/posts\/39","targetHints":{"allow":["GET"]}}],"collection":[{"href":"https:\/\/lefildesformes.org\/index.php?rest_route=\/wp\/v2\/posts"}],"about":[{"href":"https:\/\/lefildesformes.org\/index.php?rest_route=\/wp\/v2\/types\/post"}],"author":[{"embeddable":true,"href":"https:\/\/lefildesformes.org\/index.php?rest_route=\/wp\/v2\/users\/1"}],"replies":[{"embeddable":true,"href":"https:\/\/lefildesformes.org\/index.php?rest_route=%2Fwp%2Fv2%2Fcomments&post=39"}],"version-history":[{"count":10,"href":"https:\/\/lefildesformes.org\/index.php?rest_route=\/wp\/v2\/posts\/39\/revisions"}],"predecessor-version":[{"id":314,"href":"https:\/\/lefildesformes.org\/index.php?rest_route=\/wp\/v2\/posts\/39\/revisions\/314"}],"wp:attachment":[{"href":"https:\/\/lefildesformes.org\/index.php?rest_route=%2Fwp%2Fv2%2Fmedia&parent=39"}],"wp:term":[{"taxonomy":"category","embeddable":true,"href":"https:\/\/lefildesformes.org\/index.php?rest_route=%2Fwp%2Fv2%2Fcategories&post=39"},{"taxonomy":"post_tag","embeddable":true,"href":"https:\/\/lefildesformes.org\/index.php?rest_route=%2Fwp%2Fv2%2Ftags&post=39"}],"curies":[{"name":"wp","href":"https:\/\/api.w.org\/{rel}","templated":true}]}}